{"id":16612,"date":"2022-06-10T12:22:17","date_gmt":"2022-06-10T11:22:17","guid":{"rendered":"https:\/\/www.motivait.net\/?p=16612"},"modified":"2022-06-13T10:34:04","modified_gmt":"2022-06-13T09:34:04","slug":"situacion-del-retail-en-espana-tras-dos-anos-de-pandemia","status":"publish","type":"post","link":"https:\/\/www.motivait.net\/es\/2022\/06\/10\/situacion-del-retail-en-espana-tras-dos-anos-de-pandemia\/","title":{"rendered":"Situaci\u00f3n del retail en Espa\u00f1a tras dos a\u00f1os de pandemia"},"content":{"rendered":"<p>El 2022 est\u00e1 inyectando ox\u00edgeno al comercio y haci\u00e9ndonos olvidar las consecuencias del Covid 19, aunque nos advierte de una crisis econ\u00f3mica que el retail debe afrontar con agilidad. <strong>El informe de Sensormatic Solution<\/strong> nos deja datos relevantes de la evoluci\u00f3n del Retail en los dos \u00faltimos a\u00f1os con la nociva influencia de la pandemia. Datos que reflejamos aqu\u00ed con algunas soluciones que ayuden al crecimiento del sector. Seg\u00fan este informe, existen tres tendencias emergentes:<\/p>\n<p>&nbsp;<\/p>\n<p><a href=\"https:\/\/www.motivait.net\/wp-content\/uploads\/2022\/06\/Retail-en-Espana_02.jpg\"><img loading=\"lazy\" decoding=\"async\" class=\"alignnone size-full wp-image-16619 lazyload\" data-src=\"https:\/\/www.motivait.net\/wp-content\/uploads\/2022\/06\/Retail-en-Espana_02.jpg\" alt=\"\" width=\"1921\" height=\"1121\" src=\"data:image\/gif;base64,R0lGODlhAQABAAAAACH5BAEKAAEALAAAAAABAAEAAAICTAEAOw==\" style=\"--smush-placeholder-width: 1921px; --smush-placeholder-aspect-ratio: 1921\/1121;\" \/><noscript><img loading=\"lazy\" decoding=\"async\" class=\"alignnone size-full wp-image-16619\" src=\"https:\/\/www.motivait.net\/wp-content\/uploads\/2022\/06\/Retail-en-Espana_02.jpg\" alt=\"\" width=\"1921\" height=\"1121\" \/><\/noscript><\/a><\/p>\n<p><a href=\"https:\/\/www.motivait.net\/wp-content\/uploads\/2022\/06\/Retail-en-Espana_03.jpg\"><img loading=\"lazy\" decoding=\"async\" class=\"alignnone size-full wp-image-16621 lazyload\" data-src=\"https:\/\/www.motivait.net\/wp-content\/uploads\/2022\/06\/Retail-en-Espana_03.jpg\" alt=\"\" width=\"1921\" height=\"939\" src=\"data:image\/gif;base64,R0lGODlhAQABAAAAACH5BAEKAAEALAAAAAABAAEAAAICTAEAOw==\" style=\"--smush-placeholder-width: 1921px; --smush-placeholder-aspect-ratio: 1921\/939;\" \/><noscript><img loading=\"lazy\" decoding=\"async\" class=\"alignnone size-full wp-image-16621\" src=\"https:\/\/www.motivait.net\/wp-content\/uploads\/2022\/06\/Retail-en-Espana_03.jpg\" alt=\"\" width=\"1921\" height=\"939\" \/><\/noscript><\/a><a href=\"https:\/\/www.motivait.net\/wp-content\/uploads\/2022\/06\/Retail-en-Espana_04.jpg\"><img loading=\"lazy\" decoding=\"async\" class=\"alignnone size-full wp-image-16623 lazyload\" data-src=\"https:\/\/www.motivait.net\/wp-content\/uploads\/2022\/06\/Retail-en-Espana_04.jpg\" alt=\"\" width=\"1921\" height=\"1094\" src=\"data:image\/gif;base64,R0lGODlhAQABAAAAACH5BAEKAAEALAAAAAABAAEAAAICTAEAOw==\" style=\"--smush-placeholder-width: 1921px; --smush-placeholder-aspect-ratio: 1921\/1094;\" \/><noscript><img loading=\"lazy\" decoding=\"async\" class=\"alignnone size-full wp-image-16623\" src=\"https:\/\/www.motivait.net\/wp-content\/uploads\/2022\/06\/Retail-en-Espana_04.jpg\" alt=\"\" width=\"1921\" height=\"1094\" \/><\/noscript><\/a><\/p>\n","protected":false},"excerpt":{"rendered":"<p>El 2022 est\u00e1 inyectando ox\u00edgeno al comercio y haci\u00e9ndonos olvidar las consecuencias del Covid 19, aunque nos advierte de una crisis econ\u00f3mica que el retail debe afrontar con agilidad. El informe de Sensormatic Solution nos deja datos relevantes de la evoluci\u00f3n del Retail en los dos \u00faltimos a\u00f1os con la nociva influencia de la pandemia. [&hellip;]<\/p>\n","protected":false},"author":9,"featured_media":16617,"comment_status":"closed","ping_status":"open","sticky":false,"template":"","format":"standard","meta":{"inline_featured_image":false,"footnotes":""},"categories":[285,76,75],"tags":[80,251,92,169],"class_list":["post-16612","post","type-post","status-publish","format-standard","has-post-thumbnail","hentry","category-customer-engagement","category-engagement-es","category-motivait-es","tag-digital-es","tag-infografias","tag-loyalty-es","tag-retail-es"],"yoast_head":"<!-- This site is optimized with the Yoast SEO plugin v22.5 - https:\/\/yoast.com\/wordpress\/plugins\/seo\/ -->\n<title>MOTIVAIT - Situaci\u00f3n del retail en Espa\u00f1a tras dos a\u00f1os de pandemia<\/title>\n<meta name=\"description\" content=\"Despu\u00e9s de dos a\u00f1os de pandemia, la situaci\u00f3n del retail ha cambiado, incluyendo nuevos m\u00e9todos de compras digital y servicios de suscripci\u00f3n.\" \/>\n<meta name=\"robots\" content=\"index, follow, max-snippet:-1, max-image-preview:large, max-video-preview:-1\" \/>\n<link rel=\"canonical\" href=\"https:\/\/www.motivait.net\/es\/2022\/06\/10\/situacion-del-retail-en-espana-tras-dos-anos-de-pandemia\/\" \/>\n<meta property=\"og:locale\" content=\"es_ES\" \/>\n<meta property=\"og:type\" content=\"article\" \/>\n<meta property=\"og:title\" content=\"MOTIVAIT - Situaci\u00f3n del retail en Espa\u00f1a tras dos a\u00f1os de pandemia\" \/>\n<meta property=\"og:description\" content=\"Despu\u00e9s de dos a\u00f1os de pandemia, la situaci\u00f3n del retail ha cambiado, incluyendo nuevos m\u00e9todos de compras digital y servicios de suscripci\u00f3n.\" \/>\n<meta property=\"og:url\" content=\"https:\/\/www.motivait.net\/es\/2022\/06\/10\/situacion-del-retail-en-espana-tras-dos-anos-de-pandemia\/\" \/>\n<meta property=\"og:site_name\" content=\"MOTIVAIT\" \/>\n<meta property=\"article:published_time\" content=\"2022-06-10T11:22:17+00:00\" \/>\n<meta property=\"article:modified_time\" content=\"2022-06-13T09:34:04+00:00\" \/>\n<meta property=\"og:image\" content=\"https:\/\/www.motivait.net\/wp-content\/uploads\/2022\/06\/Retail-en-Espana_01.jpg\" \/>\n\t<meta property=\"og:image:width\" content=\"1921\" \/>\n\t<meta property=\"og:image:height\" content=\"721\" \/>\n\t<meta property=\"og:image:type\" content=\"image\/jpeg\" \/>\n<meta name=\"author\" content=\"Cristina Hern\u00e1ndez-Palaci\u00e1n\" \/>\n<meta name=\"twitter:card\" content=\"summary_large_image\" \/>\n<meta name=\"twitter:creator\" content=\"@MotivaitHolding\" \/>\n<meta name=\"twitter:site\" content=\"@MotivaitHolding\" \/>\n<meta name=\"twitter:label1\" content=\"Escrito por\" \/>\n\t<meta name=\"twitter:data1\" content=\"Cristina Hern\u00e1ndez-Palaci\u00e1n\" \/>\n\t<meta name=\"twitter:label2\" content=\"Tiempo de lectura\" \/>\n\t<meta name=\"twitter:data2\" content=\"1 minuto\" \/>\n<script type=\"application\/ld+json\" class=\"yoast-schema-graph\">{\"@context\":\"https:\/\/schema.org\",\"@graph\":[{\"@type\":\"WebPage\",\"@id\":\"https:\/\/www.motivait.net\/es\/2022\/06\/10\/situacion-del-retail-en-espana-tras-dos-anos-de-pandemia\/\",\"url\":\"https:\/\/www.motivait.net\/es\/2022\/06\/10\/situacion-del-retail-en-espana-tras-dos-anos-de-pandemia\/\",\"name\":\"MOTIVAIT - Situaci\u00f3n del retail en Espa\u00f1a tras dos a\u00f1os de pandemia\",\"isPartOf\":{\"@id\":\"https:\/\/www.motivait.net\/#website\"},\"primaryImageOfPage\":{\"@id\":\"https:\/\/www.motivait.net\/es\/2022\/06\/10\/situacion-del-retail-en-espana-tras-dos-anos-de-pandemia\/#primaryimage\"},\"image\":{\"@id\":\"https:\/\/www.motivait.net\/es\/2022\/06\/10\/situacion-del-retail-en-espana-tras-dos-anos-de-pandemia\/#primaryimage\"},\"thumbnailUrl\":\"https:\/\/www.motivait.net\/wp-content\/uploads\/2022\/06\/Retail-en-Espana_01.jpg\",\"datePublished\":\"2022-06-10T11:22:17+00:00\",\"dateModified\":\"2022-06-13T09:34:04+00:00\",\"author\":{\"@id\":\"https:\/\/www.motivait.net\/#\/schema\/person\/95b07bf884cef4baa199d686cd6408cc\"},\"description\":\"Despu\u00e9s de dos a\u00f1os de pandemia, la situaci\u00f3n del retail ha cambiado, incluyendo nuevos m\u00e9todos de compras digital y servicios de suscripci\u00f3n.\",\"breadcrumb\":{\"@id\":\"https:\/\/www.motivait.net\/es\/2022\/06\/10\/situacion-del-retail-en-espana-tras-dos-anos-de-pandemia\/#breadcrumb\"},\"inLanguage\":\"es\",\"potentialAction\":[{\"@type\":\"ReadAction\",\"target\":[\"https:\/\/www.motivait.net\/es\/2022\/06\/10\/situacion-del-retail-en-espana-tras-dos-anos-de-pandemia\/\"]}]},{\"@type\":\"ImageObject\",\"inLanguage\":\"es\",\"@id\":\"https:\/\/www.motivait.net\/es\/2022\/06\/10\/situacion-del-retail-en-espana-tras-dos-anos-de-pandemia\/#primaryimage\",\"url\":\"https:\/\/www.motivait.net\/wp-content\/uploads\/2022\/06\/Retail-en-Espana_01.jpg\",\"contentUrl\":\"https:\/\/www.motivait.net\/wp-content\/uploads\/2022\/06\/Retail-en-Espana_01.jpg\",\"width\":1921,\"height\":721},{\"@type\":\"BreadcrumbList\",\"@id\":\"https:\/\/www.motivait.net\/es\/2022\/06\/10\/situacion-del-retail-en-espana-tras-dos-anos-de-pandemia\/#breadcrumb\",\"itemListElement\":[{\"@type\":\"ListItem\",\"position\":1,\"name\":\"Home\",\"item\":\"https:\/\/www.motivait.net\/es\/\"},{\"@type\":\"ListItem\",\"position\":2,\"name\":\"Situaci\u00f3n del retail en Espa\u00f1a tras dos a\u00f1os de pandemia\"}]},{\"@type\":\"WebSite\",\"@id\":\"https:\/\/www.motivait.net\/#website\",\"url\":\"https:\/\/www.motivait.net\/\",\"name\":\"MOTIVAIT\",\"description\":\"An innovative it services company with a mission to enhance engagement &lt;br&gt; We design and deliver effective solutions that generate and encourage behaviours, establishing positive emotional bonds between people and organizations, employees and their work, customers and brands, students and their subjects, citizens and communities, and much more. We use fresh approaches that achieve tangible benefits and outcomes by increasing the motivation, participation &amp; commitment of both individuals and teams.\",\"potentialAction\":[{\"@type\":\"SearchAction\",\"target\":{\"@type\":\"EntryPoint\",\"urlTemplate\":\"https:\/\/www.motivait.net\/?s={search_term_string}\"},\"query-input\":\"required name=search_term_string\"}],\"inLanguage\":\"es\"},{\"@type\":\"Person\",\"@id\":\"https:\/\/www.motivait.net\/#\/schema\/person\/95b07bf884cef4baa199d686cd6408cc\",\"name\":\"Cristina Hern\u00e1ndez-Palaci\u00e1n\",\"image\":{\"@type\":\"ImageObject\",\"inLanguage\":\"es\",\"@id\":\"https:\/\/www.motivait.net\/#\/schema\/person\/image\/\",\"url\":\"https:\/\/secure.gravatar.com\/avatar\/8e961f1e77f66bcc8f46db17eb1ffa42aa52ad50718823ac1c9e0b49237c2001?s=96&d=mm&r=g\",\"contentUrl\":\"https:\/\/secure.gravatar.com\/avatar\/8e961f1e77f66bcc8f46db17eb1ffa42aa52ad50718823ac1c9e0b49237c2001?s=96&d=mm&r=g\",\"caption\":\"Cristina Hern\u00e1ndez-Palaci\u00e1n\"},\"url\":\"https:\/\/www.motivait.net\/es\/author\/cristina-hdez\/\"}]}<\/script>\n<!-- \/ Yoast SEO plugin. -->","yoast_head_json":{"title":"MOTIVAIT - Situaci\u00f3n del retail en Espa\u00f1a tras dos a\u00f1os de pandemia","description":"Despu\u00e9s de dos a\u00f1os de pandemia, la situaci\u00f3n del retail ha cambiado, incluyendo nuevos m\u00e9todos de compras digital y servicios de suscripci\u00f3n.","robots":{"index":"index","follow":"follow","max-snippet":"max-snippet:-1","max-image-preview":"max-image-preview:large","max-video-preview":"max-video-preview:-1"},"canonical":"https:\/\/www.motivait.net\/es\/2022\/06\/10\/situacion-del-retail-en-espana-tras-dos-anos-de-pandemia\/","og_locale":"es_ES","og_type":"article","og_title":"MOTIVAIT - Situaci\u00f3n del retail en Espa\u00f1a tras dos a\u00f1os de pandemia","og_description":"Despu\u00e9s de dos a\u00f1os de pandemia, la situaci\u00f3n del retail ha cambiado, incluyendo nuevos m\u00e9todos de compras digital y servicios de suscripci\u00f3n.","og_url":"https:\/\/www.motivait.net\/es\/2022\/06\/10\/situacion-del-retail-en-espana-tras-dos-anos-de-pandemia\/","og_site_name":"MOTIVAIT","article_published_time":"2022-06-10T11:22:17+00:00","article_modified_time":"2022-06-13T09:34:04+00:00","og_image":[{"width":1921,"height":721,"url":"https:\/\/www.motivait.net\/wp-content\/uploads\/2022\/06\/Retail-en-Espana_01.jpg","type":"image\/jpeg"}],"author":"Cristina Hern\u00e1ndez-Palaci\u00e1n","twitter_card":"summary_large_image","twitter_creator":"@MotivaitHolding","twitter_site":"@MotivaitHolding","twitter_misc":{"Escrito por":"Cristina Hern\u00e1ndez-Palaci\u00e1n","Tiempo de lectura":"1 minuto"},"schema":{"@context":"https:\/\/schema.org","@graph":[{"@type":"WebPage","@id":"https:\/\/www.motivait.net\/es\/2022\/06\/10\/situacion-del-retail-en-espana-tras-dos-anos-de-pandemia\/","url":"https:\/\/www.motivait.net\/es\/2022\/06\/10\/situacion-del-retail-en-espana-tras-dos-anos-de-pandemia\/","name":"MOTIVAIT - Situaci\u00f3n del retail en Espa\u00f1a tras dos a\u00f1os de pandemia","isPartOf":{"@id":"https:\/\/www.motivait.net\/#website"},"primaryImageOfPage":{"@id":"https:\/\/www.motivait.net\/es\/2022\/06\/10\/situacion-del-retail-en-espana-tras-dos-anos-de-pandemia\/#primaryimage"},"image":{"@id":"https:\/\/www.motivait.net\/es\/2022\/06\/10\/situacion-del-retail-en-espana-tras-dos-anos-de-pandemia\/#primaryimage"},"thumbnailUrl":"https:\/\/www.motivait.net\/wp-content\/uploads\/2022\/06\/Retail-en-Espana_01.jpg","datePublished":"2022-06-10T11:22:17+00:00","dateModified":"2022-06-13T09:34:04+00:00","author":{"@id":"https:\/\/www.motivait.net\/#\/schema\/person\/95b07bf884cef4baa199d686cd6408cc"},"description":"Despu\u00e9s de dos a\u00f1os de pandemia, la situaci\u00f3n del retail ha cambiado, incluyendo nuevos m\u00e9todos de compras digital y servicios de suscripci\u00f3n.","breadcrumb":{"@id":"https:\/\/www.motivait.net\/es\/2022\/06\/10\/situacion-del-retail-en-espana-tras-dos-anos-de-pandemia\/#breadcrumb"},"inLanguage":"es","potentialAction":[{"@type":"ReadAction","target":["https:\/\/www.motivait.net\/es\/2022\/06\/10\/situacion-del-retail-en-espana-tras-dos-anos-de-pandemia\/"]}]},{"@type":"ImageObject","inLanguage":"es","@id":"https:\/\/www.motivait.net\/es\/2022\/06\/10\/situacion-del-retail-en-espana-tras-dos-anos-de-pandemia\/#primaryimage","url":"https:\/\/www.motivait.net\/wp-content\/uploads\/2022\/06\/Retail-en-Espana_01.jpg","contentUrl":"https:\/\/www.motivait.net\/wp-content\/uploads\/2022\/06\/Retail-en-Espana_01.jpg","width":1921,"height":721},{"@type":"BreadcrumbList","@id":"https:\/\/www.motivait.net\/es\/2022\/06\/10\/situacion-del-retail-en-espana-tras-dos-anos-de-pandemia\/#breadcrumb","itemListElement":[{"@type":"ListItem","position":1,"name":"Home","item":"https:\/\/www.motivait.net\/es\/"},{"@type":"ListItem","position":2,"name":"Situaci\u00f3n del retail en Espa\u00f1a tras dos a\u00f1os de pandemia"}]},{"@type":"WebSite","@id":"https:\/\/www.motivait.net\/#website","url":"https:\/\/www.motivait.net\/","name":"MOTIVAIT","description":"An innovative it services company with a mission to enhance engagement &lt;br&gt; We design and deliver effective solutions that generate and encourage behaviours, establishing positive emotional bonds between people and organizations, employees and their work, customers and brands, students and their subjects, citizens and communities, and much more. We use fresh approaches that achieve tangible benefits and outcomes by increasing the motivation, participation &amp; commitment of both individuals and teams.","potentialAction":[{"@type":"SearchAction","target":{"@type":"EntryPoint","urlTemplate":"https:\/\/www.motivait.net\/?s={search_term_string}"},"query-input":"required name=search_term_string"}],"inLanguage":"es"},{"@type":"Person","@id":"https:\/\/www.motivait.net\/#\/schema\/person\/95b07bf884cef4baa199d686cd6408cc","name":"Cristina Hern\u00e1ndez-Palaci\u00e1n","image":{"@type":"ImageObject","inLanguage":"es","@id":"https:\/\/www.motivait.net\/#\/schema\/person\/image\/","url":"https:\/\/secure.gravatar.com\/avatar\/8e961f1e77f66bcc8f46db17eb1ffa42aa52ad50718823ac1c9e0b49237c2001?s=96&d=mm&r=g","contentUrl":"https:\/\/secure.gravatar.com\/avatar\/8e961f1e77f66bcc8f46db17eb1ffa42aa52ad50718823ac1c9e0b49237c2001?s=96&d=mm&r=g","caption":"Cristina Hern\u00e1ndez-Palaci\u00e1n"},"url":"https:\/\/www.motivait.net\/es\/author\/cristina-hdez\/"}]}},"_links":{"self":[{"href":"https:\/\/www.motivait.net\/es\/wp-json\/wp\/v2\/posts\/16612","targetHints":{"allow":["GET"]}}],"collection":[{"href":"https:\/\/www.motivait.net\/es\/wp-json\/wp\/v2\/posts"}],"about":[{"href":"https:\/\/www.motivait.net\/es\/wp-json\/wp\/v2\/types\/post"}],"author":[{"embeddable":true,"href":"https:\/\/www.motivait.net\/es\/wp-json\/wp\/v2\/users\/9"}],"replies":[{"embeddable":true,"href":"https:\/\/www.motivait.net\/es\/wp-json\/wp\/v2\/comments?post=16612"}],"version-history":[{"count":7,"href":"https:\/\/www.motivait.net\/es\/wp-json\/wp\/v2\/posts\/16612\/revisions"}],"predecessor-version":[{"id":16661,"href":"https:\/\/www.motivait.net\/es\/wp-json\/wp\/v2\/posts\/16612\/revisions\/16661"}],"wp:featuredmedia":[{"embeddable":true,"href":"https:\/\/www.motivait.net\/es\/wp-json\/wp\/v2\/media\/16617"}],"wp:attachment":[{"href":"https:\/\/www.motivait.net\/es\/wp-json\/wp\/v2\/media?parent=16612"}],"wp:term":[{"taxonomy":"category","embeddable":true,"href":"https:\/\/www.motivait.net\/es\/wp-json\/wp\/v2\/categories?post=16612"},{"taxonomy":"post_tag","embeddable":true,"href":"https:\/\/www.motivait.net\/es\/wp-json\/wp\/v2\/tags?post=16612"}],"curies":[{"name":"wp","href":"https:\/\/api.w.org\/{rel}","templated":true}]}}