{"id":11873,"date":"2020-04-30T10:19:07","date_gmt":"2020-04-30T09:19:07","guid":{"rendered":"https:\/\/www.motivait.net\/?p=11873"},"modified":"2020-04-30T16:08:19","modified_gmt":"2020-04-30T15:08:19","slug":"el-estado-del-teletrabajo","status":"publish","type":"post","link":"https:\/\/www.motivait.net\/es\/2020\/04\/30\/el-estado-del-teletrabajo\/","title":{"rendered":"El estado del teletrabajo"},"content":{"rendered":"<p style=\"text-align: center;\">La implantaci\u00f3n del teletrabajo sigue creciendo, con tecnolog\u00eda que permite a los empleados conciliar la vida personal y su compromiso laboral. \u00bfC\u00f3mo pueden las empresas prepararse para cumplir con las expectativas y adaptarse a una forma de trabajo cada vez m\u00e1s en remoto?<\/p>\n<p style=\"text-align: center;\">Consulta las estad\u00edsticas que proponemos a continuaci\u00f3n o descarga tu copia en PDF de la infograf\u00eda.<\/p>\n<p><img loading=\"lazy\" decoding=\"async\" class=\"alignnone wp-image-11875 lazyload\" data-src=\"https:\/\/www.motivait.net\/wp-content\/uploads\/2020\/04\/Remote-work-infographics-ES.png\" alt=\"\" width=\"1030\" height=\"1439\" src=\"data:image\/gif;base64,R0lGODlhAQABAAAAACH5BAEKAAEALAAAAAABAAEAAAICTAEAOw==\" style=\"--smush-placeholder-width: 1030px; --smush-placeholder-aspect-ratio: 1030\/1439;\" \/><noscript><img loading=\"lazy\" decoding=\"async\" class=\"alignnone wp-image-11875\" src=\"https:\/\/www.motivait.net\/wp-content\/uploads\/2020\/04\/Remote-work-infographics-ES.png\" alt=\"\" width=\"1030\" height=\"1439\" \/><\/noscript><\/p>\n<div class='avia-button-wrap avia-button-center '><a href='https:\/\/www.motivait.net\/wp-content\/uploads\/2020\/04\/MOTIVAIT-Infograf\u00eda-Teletrabajo.pdf'  class='avia-button   avia-icon_select-yes-left-icon avia-color-theme-color avia-size-large avia-position-center '  target=\"_blank\"   ><span class='avia_button_icon avia_button_icon_left ' aria-hidden='true' data-av_icon='\ue84d' data-av_iconfont='entypo-fontello'><\/span><span class='avia_iconbox_title' >DESCARGAR PDF<\/span><\/a><\/div>\n","protected":false},"excerpt":{"rendered":"<p>La implantaci\u00f3n del teletrabajo sigue creciendo, con tecnolog\u00eda que permite a los empleados conciliar la vida personal y su compromiso laboral. \u00bfC\u00f3mo pueden las empresas prepararse para cumplir con las expectativas y adaptarse a una forma de trabajo cada vez m\u00e1s en remoto? Consulta las estad\u00edsticas que proponemos a continuaci\u00f3n o descarga tu copia en [&hellip;]<\/p>\n","protected":false},"author":8,"featured_media":11905,"comment_status":"closed","ping_status":"open","sticky":false,"template":"","format":"standard","meta":{"inline_featured_image":false,"footnotes":""},"categories":[73,76,78],"tags":[107,146],"class_list":["post-11873","post","type-post","status-publish","format-standard","has-post-thumbnail","hentry","category-employees-es","category-engagement-es","category-motivacion","tag-employee-engagement-es","tag-remote-working-es"],"yoast_head":"<!-- This site is optimized with the Yoast SEO plugin v22.5 - https:\/\/yoast.com\/wordpress\/plugins\/seo\/ -->\n<title>MOTIVAIT - El estado del teletrabajo<\/title>\n<meta name=\"description\" content=\"El teletrabajo ha crecido un 159% desde 2005 y puede ser que los empleadores tengan dificultades para adaptarse a esta creciente demanda\" \/>\n<meta name=\"robots\" content=\"index, follow, max-snippet:-1, max-image-preview:large, max-video-preview:-1\" \/>\n<link rel=\"canonical\" href=\"https:\/\/www.motivait.net\/es\/2020\/04\/30\/el-estado-del-teletrabajo\/\" \/>\n<meta property=\"og:locale\" content=\"es_ES\" \/>\n<meta property=\"og:type\" content=\"article\" \/>\n<meta property=\"og:title\" content=\"MOTIVAIT - El estado del teletrabajo\" \/>\n<meta property=\"og:description\" content=\"El teletrabajo ha crecido un 159% desde 2005 y puede ser que los empleadores tengan dificultades para adaptarse a esta creciente demanda\" \/>\n<meta property=\"og:url\" content=\"https:\/\/www.motivait.net\/es\/2020\/04\/30\/el-estado-del-teletrabajo\/\" \/>\n<meta property=\"og:site_name\" content=\"MOTIVAIT\" \/>\n<meta property=\"article:published_time\" content=\"2020-04-30T09:19:07+00:00\" \/>\n<meta property=\"article:modified_time\" content=\"2020-04-30T15:08:19+00:00\" \/>\n<meta property=\"og:image\" content=\"https:\/\/www.motivait.net\/wp-content\/uploads\/2020\/04\/Infografia-Teletrabajo_ES.png\" \/>\n\t<meta property=\"og:image:width\" content=\"4456\" \/>\n\t<meta property=\"og:image:height\" content=\"3041\" \/>\n\t<meta property=\"og:image:type\" content=\"image\/png\" \/>\n<meta name=\"author\" content=\"Lara Jones\" \/>\n<meta name=\"twitter:card\" content=\"summary_large_image\" \/>\n<meta name=\"twitter:creator\" content=\"@MotivaitHolding\" \/>\n<meta name=\"twitter:site\" content=\"@MotivaitHolding\" \/>\n<meta name=\"twitter:label1\" content=\"Escrito por\" \/>\n\t<meta name=\"twitter:data1\" content=\"Lara Jones\" \/>\n\t<meta name=\"twitter:label2\" content=\"Tiempo de lectura\" \/>\n\t<meta name=\"twitter:data2\" content=\"1 minuto\" \/>\n<script type=\"application\/ld+json\" class=\"yoast-schema-graph\">{\"@context\":\"https:\/\/schema.org\",\"@graph\":[{\"@type\":\"WebPage\",\"@id\":\"https:\/\/www.motivait.net\/es\/2020\/04\/30\/el-estado-del-teletrabajo\/\",\"url\":\"https:\/\/www.motivait.net\/es\/2020\/04\/30\/el-estado-del-teletrabajo\/\",\"name\":\"MOTIVAIT - El estado del teletrabajo\",\"isPartOf\":{\"@id\":\"https:\/\/www.motivait.net\/#website\"},\"primaryImageOfPage\":{\"@id\":\"https:\/\/www.motivait.net\/es\/2020\/04\/30\/el-estado-del-teletrabajo\/#primaryimage\"},\"image\":{\"@id\":\"https:\/\/www.motivait.net\/es\/2020\/04\/30\/el-estado-del-teletrabajo\/#primaryimage\"},\"thumbnailUrl\":\"https:\/\/www.motivait.net\/wp-content\/uploads\/2020\/04\/Infografia-Teletrabajo_ES.png\",\"datePublished\":\"2020-04-30T09:19:07+00:00\",\"dateModified\":\"2020-04-30T15:08:19+00:00\",\"author\":{\"@id\":\"https:\/\/www.motivait.net\/#\/schema\/person\/aa37d3d506d5fd9f1470382c7177490f\"},\"description\":\"El teletrabajo ha crecido un 159% desde 2005 y puede ser que los empleadores tengan dificultades para adaptarse a esta creciente demanda\",\"breadcrumb\":{\"@id\":\"https:\/\/www.motivait.net\/es\/2020\/04\/30\/el-estado-del-teletrabajo\/#breadcrumb\"},\"inLanguage\":\"es\",\"potentialAction\":[{\"@type\":\"ReadAction\",\"target\":[\"https:\/\/www.motivait.net\/es\/2020\/04\/30\/el-estado-del-teletrabajo\/\"]}]},{\"@type\":\"ImageObject\",\"inLanguage\":\"es\",\"@id\":\"https:\/\/www.motivait.net\/es\/2020\/04\/30\/el-estado-del-teletrabajo\/#primaryimage\",\"url\":\"https:\/\/www.motivait.net\/wp-content\/uploads\/2020\/04\/Infografia-Teletrabajo_ES.png\",\"contentUrl\":\"https:\/\/www.motivait.net\/wp-content\/uploads\/2020\/04\/Infografia-Teletrabajo_ES.png\",\"width\":4456,\"height\":3041},{\"@type\":\"BreadcrumbList\",\"@id\":\"https:\/\/www.motivait.net\/es\/2020\/04\/30\/el-estado-del-teletrabajo\/#breadcrumb\",\"itemListElement\":[{\"@type\":\"ListItem\",\"position\":1,\"name\":\"Home\",\"item\":\"https:\/\/www.motivait.net\/es\/\"},{\"@type\":\"ListItem\",\"position\":2,\"name\":\"El estado del teletrabajo\"}]},{\"@type\":\"WebSite\",\"@id\":\"https:\/\/www.motivait.net\/#website\",\"url\":\"https:\/\/www.motivait.net\/\",\"name\":\"MOTIVAIT\",\"description\":\"An innovative it services company with a mission to enhance engagement &lt;br&gt; We design and deliver effective solutions that generate and encourage behaviours, establishing positive emotional bonds between people and organizations, employees and their work, customers and brands, students and their subjects, citizens and communities, and much more. We use fresh approaches that achieve tangible benefits and outcomes by increasing the motivation, participation &amp; commitment of both individuals and teams.\",\"potentialAction\":[{\"@type\":\"SearchAction\",\"target\":{\"@type\":\"EntryPoint\",\"urlTemplate\":\"https:\/\/www.motivait.net\/?s={search_term_string}\"},\"query-input\":\"required name=search_term_string\"}],\"inLanguage\":\"es\"},{\"@type\":\"Person\",\"@id\":\"https:\/\/www.motivait.net\/#\/schema\/person\/aa37d3d506d5fd9f1470382c7177490f\",\"name\":\"Lara Jones\",\"image\":{\"@type\":\"ImageObject\",\"inLanguage\":\"es\",\"@id\":\"https:\/\/www.motivait.net\/#\/schema\/person\/image\/\",\"url\":\"https:\/\/secure.gravatar.com\/avatar\/edc1e1d32859b4e8e4035e56a66bf6258e38eb9e3365d607d9a0562e04d35252?s=96&d=mm&r=g\",\"contentUrl\":\"https:\/\/secure.gravatar.com\/avatar\/edc1e1d32859b4e8e4035e56a66bf6258e38eb9e3365d607d9a0562e04d35252?s=96&d=mm&r=g\",\"caption\":\"Lara Jones\"},\"url\":\"https:\/\/www.motivait.net\/es\/author\/lara-jones\/\"}]}<\/script>\n<!-- \/ Yoast SEO plugin. -->","yoast_head_json":{"title":"MOTIVAIT - El estado del teletrabajo","description":"El teletrabajo ha crecido un 159% desde 2005 y puede ser que los empleadores tengan dificultades para adaptarse a esta creciente demanda","robots":{"index":"index","follow":"follow","max-snippet":"max-snippet:-1","max-image-preview":"max-image-preview:large","max-video-preview":"max-video-preview:-1"},"canonical":"https:\/\/www.motivait.net\/es\/2020\/04\/30\/el-estado-del-teletrabajo\/","og_locale":"es_ES","og_type":"article","og_title":"MOTIVAIT - El estado del teletrabajo","og_description":"El teletrabajo ha crecido un 159% desde 2005 y puede ser que los empleadores tengan dificultades para adaptarse a esta creciente demanda","og_url":"https:\/\/www.motivait.net\/es\/2020\/04\/30\/el-estado-del-teletrabajo\/","og_site_name":"MOTIVAIT","article_published_time":"2020-04-30T09:19:07+00:00","article_modified_time":"2020-04-30T15:08:19+00:00","og_image":[{"width":4456,"height":3041,"url":"https:\/\/www.motivait.net\/wp-content\/uploads\/2020\/04\/Infografia-Teletrabajo_ES.png","type":"image\/png"}],"author":"Lara Jones","twitter_card":"summary_large_image","twitter_creator":"@MotivaitHolding","twitter_site":"@MotivaitHolding","twitter_misc":{"Escrito por":"Lara Jones","Tiempo de lectura":"1 minuto"},"schema":{"@context":"https:\/\/schema.org","@graph":[{"@type":"WebPage","@id":"https:\/\/www.motivait.net\/es\/2020\/04\/30\/el-estado-del-teletrabajo\/","url":"https:\/\/www.motivait.net\/es\/2020\/04\/30\/el-estado-del-teletrabajo\/","name":"MOTIVAIT - El estado del teletrabajo","isPartOf":{"@id":"https:\/\/www.motivait.net\/#website"},"primaryImageOfPage":{"@id":"https:\/\/www.motivait.net\/es\/2020\/04\/30\/el-estado-del-teletrabajo\/#primaryimage"},"image":{"@id":"https:\/\/www.motivait.net\/es\/2020\/04\/30\/el-estado-del-teletrabajo\/#primaryimage"},"thumbnailUrl":"https:\/\/www.motivait.net\/wp-content\/uploads\/2020\/04\/Infografia-Teletrabajo_ES.png","datePublished":"2020-04-30T09:19:07+00:00","dateModified":"2020-04-30T15:08:19+00:00","author":{"@id":"https:\/\/www.motivait.net\/#\/schema\/person\/aa37d3d506d5fd9f1470382c7177490f"},"description":"El teletrabajo ha crecido un 159% desde 2005 y puede ser que los empleadores tengan dificultades para adaptarse a esta creciente demanda","breadcrumb":{"@id":"https:\/\/www.motivait.net\/es\/2020\/04\/30\/el-estado-del-teletrabajo\/#breadcrumb"},"inLanguage":"es","potentialAction":[{"@type":"ReadAction","target":["https:\/\/www.motivait.net\/es\/2020\/04\/30\/el-estado-del-teletrabajo\/"]}]},{"@type":"ImageObject","inLanguage":"es","@id":"https:\/\/www.motivait.net\/es\/2020\/04\/30\/el-estado-del-teletrabajo\/#primaryimage","url":"https:\/\/www.motivait.net\/wp-content\/uploads\/2020\/04\/Infografia-Teletrabajo_ES.png","contentUrl":"https:\/\/www.motivait.net\/wp-content\/uploads\/2020\/04\/Infografia-Teletrabajo_ES.png","width":4456,"height":3041},{"@type":"BreadcrumbList","@id":"https:\/\/www.motivait.net\/es\/2020\/04\/30\/el-estado-del-teletrabajo\/#breadcrumb","itemListElement":[{"@type":"ListItem","position":1,"name":"Home","item":"https:\/\/www.motivait.net\/es\/"},{"@type":"ListItem","position":2,"name":"El estado del teletrabajo"}]},{"@type":"WebSite","@id":"https:\/\/www.motivait.net\/#website","url":"https:\/\/www.motivait.net\/","name":"MOTIVAIT","description":"An innovative it services company with a mission to enhance engagement &lt;br&gt; We design and deliver effective solutions that generate and encourage behaviours, establishing positive emotional bonds between people and organizations, employees and their work, customers and brands, students and their subjects, citizens and communities, and much more. We use fresh approaches that achieve tangible benefits and outcomes by increasing the motivation, participation &amp; commitment of both individuals and teams.","potentialAction":[{"@type":"SearchAction","target":{"@type":"EntryPoint","urlTemplate":"https:\/\/www.motivait.net\/?s={search_term_string}"},"query-input":"required name=search_term_string"}],"inLanguage":"es"},{"@type":"Person","@id":"https:\/\/www.motivait.net\/#\/schema\/person\/aa37d3d506d5fd9f1470382c7177490f","name":"Lara Jones","image":{"@type":"ImageObject","inLanguage":"es","@id":"https:\/\/www.motivait.net\/#\/schema\/person\/image\/","url":"https:\/\/secure.gravatar.com\/avatar\/edc1e1d32859b4e8e4035e56a66bf6258e38eb9e3365d607d9a0562e04d35252?s=96&d=mm&r=g","contentUrl":"https:\/\/secure.gravatar.com\/avatar\/edc1e1d32859b4e8e4035e56a66bf6258e38eb9e3365d607d9a0562e04d35252?s=96&d=mm&r=g","caption":"Lara Jones"},"url":"https:\/\/www.motivait.net\/es\/author\/lara-jones\/"}]}},"_links":{"self":[{"href":"https:\/\/www.motivait.net\/es\/wp-json\/wp\/v2\/posts\/11873","targetHints":{"allow":["GET"]}}],"collection":[{"href":"https:\/\/www.motivait.net\/es\/wp-json\/wp\/v2\/posts"}],"about":[{"href":"https:\/\/www.motivait.net\/es\/wp-json\/wp\/v2\/types\/post"}],"author":[{"embeddable":true,"href":"https:\/\/www.motivait.net\/es\/wp-json\/wp\/v2\/users\/8"}],"replies":[{"embeddable":true,"href":"https:\/\/www.motivait.net\/es\/wp-json\/wp\/v2\/comments?post=11873"}],"version-history":[{"count":12,"href":"https:\/\/www.motivait.net\/es\/wp-json\/wp\/v2\/posts\/11873\/revisions"}],"predecessor-version":[{"id":11939,"href":"https:\/\/www.motivait.net\/es\/wp-json\/wp\/v2\/posts\/11873\/revisions\/11939"}],"wp:featuredmedia":[{"embeddable":true,"href":"https:\/\/www.motivait.net\/es\/wp-json\/wp\/v2\/media\/11905"}],"wp:attachment":[{"href":"https:\/\/www.motivait.net\/es\/wp-json\/wp\/v2\/media?parent=11873"}],"wp:term":[{"taxonomy":"category","embeddable":true,"href":"https:\/\/www.motivait.net\/es\/wp-json\/wp\/v2\/categories?post=11873"},{"taxonomy":"post_tag","embeddable":true,"href":"https:\/\/www.motivait.net\/es\/wp-json\/wp\/v2\/tags?post=11873"}],"curies":[{"name":"wp","href":"https:\/\/api.w.org\/{rel}","templated":true}]}}